{"id":129,"date":"2024-10-09T14:51:59","date_gmt":"2024-10-09T14:51:59","guid":{"rendered":"https:\/\/ileanda.assoc.ro\/?p=129"},"modified":"2024-10-09T14:51:59","modified_gmt":"2024-10-09T14:51:59","slug":"lansare-proiect-servicii-integrate-in-comuna-ileanda","status":"publish","type":"post","link":"https:\/\/ileanda.assoc.ro\/lansare-proiect-servicii-integrate-in-comuna-ileanda\/","title":{"rendered":"LANSARE PROIECT \u2013 SERVICII INTEGRATE \u00ceN COMUNA ILEANDA"},"content":{"rendered":"<p>Oamenii harnici sfin\u021besc locul, iar cu munc\u0103 sus\u021binut\u0103 ace\u0219tia pot aduce speran\u021b\u0103 chiar \u0219i acolo unde nu se \u00eentrevede. Sunt multe exemple care demonstreaz\u0103 c\u0103 o m\u00e2n\u0103 de oameni poate transforma un loc f\u0103r\u0103 perspectiv\u0103 \u00eentr-unul al bun\u0103st\u0103rii.<\/p>\n<p>Echipa proiectului\u00a0<strong>\u201cServicii integrate \u00een Comuna Ileanda\u201d (POCU\/827\/5\/2\/139980)<\/strong>\u00a0are la dispozi\u021bie mai bine de doi ani ca s\u0103 arate c\u0103 localitatea de pe Valea Some\u0219ului din jude\u021bul S\u0103laj poate avea un viitor mai bun, iar pentru reu\u0219it\u0103 se bazeaz\u0103 pe implicarea \u00eentregii comunit\u0103\u021bi.<\/p>\n<p>La fel ca majoritatea satelor rom\u00e2ne\u0219ti, \u0219i Ileanda \u00eencearc\u0103 s\u0103 \u00ee\u0219i rezolve problemele, iar pentru asta a \u00eencheiat un parteneriat cu Asocia\u021bia ASSOC, coopt\u00e2nd \u0219i Asocia\u021bia GAL Valea Some\u0219ului, de care apar\u021bine comuna. Parteneriatul a fost posibil printr-un proiect cofinan\u021bat din Fondul Social European prin Programul Opera\u021bional Capital Uman.<\/p>\n<p><a href=\"https:\/\/www.assoc.ro\/wp-content\/uploads\/2021\/05\/20210521_101601-2-scaled.jpg\"><img fetchpriority=\"high\" decoding=\"async\" class=\"alignleft wp-image-14797 size-full\" src=\"https:\/\/www.assoc.ro\/wp-content\/uploads\/2021\/05\/20210521_101601-2-scaled.jpg\" sizes=\"(max-width: 2560px) 100vw, 2560px\" srcset=\"https:\/\/www.assoc.ro\/wp-content\/uploads\/2021\/05\/20210521_101601-2-scaled.jpg 2560w, https:\/\/www.assoc.ro\/wp-content\/uploads\/2021\/05\/20210521_101601-2-300x169.jpg 300w, https:\/\/www.assoc.ro\/wp-content\/uploads\/2021\/05\/20210521_101601-2-1024x576.jpg 1024w, https:\/\/www.assoc.ro\/wp-content\/uploads\/2021\/05\/20210521_101601-2-768x432.jpg 768w, https:\/\/www.assoc.ro\/wp-content\/uploads\/2021\/05\/20210521_101601-2-1536x864.jpg 1536w, https:\/\/www.assoc.ro\/wp-content\/uploads\/2021\/05\/20210521_101601-2-2048x1152.jpg 2048w\" alt=\"\" width=\"2560\" height=\"1440\" \/><\/a><\/p>\n<p>Cele trei entit\u0103\u021bi \u0219i-au propus, cu ajutorul finan\u021b\u0103rii ob\u021binute, s\u0103 ac\u021bioneze pentru reducerea num\u0103rului persoanelor aflate \u00een situa\u021bii de risc de s\u0103r\u0103cie sau excluziune social\u0103 din comunitatea marginalizat\u0103 a localit\u0103\u021bii Ileanda, jude\u021bul S\u0103laj. \u00cen Ileanda, membrii echipei de proiect se vor adresa cu prioritate popula\u021biei de etnie rom\u0103, care reprezint\u0103 circa 10% din popula\u021bie \u0219i care este cea mai expus\u0103 riscurilor marginaliz\u0103rii at\u00e2t din punct de vedere social, c\u00e2t \u0219i economic.<\/p>\n<p><strong>Planul de ac\u021biune pe durata proiectului presupune acordarea de servicii integrate \u00een domeniile:<\/strong><br \/>\n\u2013 ocup\u0103rii for\u021bei de munc\u0103, prin acordarea \u00een comunitate de servicii specializate de orientare profesional\u0103, consiliere \u0219i mediere, inclusiv formare profesional\u0103;<br \/>\n\u2013 asisten\u021bei sociale, prin crearea \u0219i licen\u021bierea primului serviciu social \u00een localitatea Ileanda \u2013 Serviciu de Asisten\u021b\u0103 Comunitar\u0103 \u2013 comunitatea put\u00e2nd astfel beneficia de activit\u0103\u021bi de dezvoltare a competen\u021belor parentale, sprijinirea \u0219i consilierea copiilor afla\u021bi \u00een situa\u021bii de risc, educa\u021bie extracurricular\u0103, educarea deprinderilor cotidiene etc;<br \/>\n\u2013 asisten\u021bei juridice, pentru reglementarea actelor de identitate, de proprietate sau de clarificare a situa\u021biei locative, de stare civil\u0103, ob\u021binerii de beneficii \u0219i presta\u021bii sociale;<br \/>\n\u2013 combaterii discrimin\u0103rii sau a segreg\u0103rii.<br \/>\nRezultatele vizate de membrii echipei de proiect vizeaz\u0103 acordarea serviciilor integrate c\u0103tre minim 252 de persoane din comunitate, incluz\u00e2nd etnici romi; m\u0103suri de ocupare, incluz\u00e2nd servicii ocupare \u015fi formare profesional\u0103 pentru 136 de persoane; calificarea a 116 persoane \u0219i angajarea a cel pu\u021bin 36 de localnici.<\/p>\n<p><strong>Servicii integrate \u00een Comuna Ileanda<\/strong><br \/>\nPOCU\/827\/5\/2\/139980<br \/>\nDurat\u0103 de implementare: 01.04.2021 \u2013 31.03.2023<br \/>\nValoare total\u0103 proiect: 4.842.887,85 lei \/ Valoare cofinan\u021bare UE: 4.600.743,46 lei<br \/>\nBeneficiar: Asocia\u021bia Profesional\u0103 Neguvernamental\u0103 de Asisten\u021b\u0103 Social\u0103 ASSOC<br \/>\nParteneri: Comuna Ileanda \u0219i Asocia\u021bia GAL Valea Some\u0219ului<br \/>\n<strong>Proiect cofinan\u021bat din Fondul Social European prin Programul Opera\u021bional Capital Uman<\/strong><\/p>\n<p>Manager proiect,<br \/>\nBianca Pricop S\u0103l\u0103gean<br \/>\nbianca.pricop@assoc.ro<br \/>\nwww.assoc.ro<\/p>\n<p><a href=\"https:\/\/www.assoc.ro\/wp-content\/uploads\/2021\/05\/comunicat-lansare-ileanda.pdf\" target=\"_blank\" rel=\"noopener\">COMUNICATUL DE PRES\u0102 \u2013 DISPONIBIL PENTRU DESC\u0102RCARE<\/a><\/p>\n","protected":false},"excerpt":{"rendered":"<p>Oamenii harnici sfin\u021besc locul, iar cu munc\u0103 sus\u021binut\u0103 ace\u0219tia pot aduce speran\u021b\u0103 chiar \u0219i acolo unde nu se \u00eentrevede. Sunt multe exemple care demonstreaz\u0103 c\u0103 o m\u00e2n\u0103 de oameni poate transforma un loc f\u0103r\u0103 perspectiv\u0103 \u00eentr-unul al bun\u0103st\u0103rii. Echipa proiectului\u00a0\u201cServicii integrate \u00een Comuna Ileanda\u201d (POCU\/827\/5\/2\/139980)\u00a0are la dispozi\u021bie mai bine de doi ani ca s\u0103 arate [&hellip;]<\/p>\n","protected":false},"author":1,"featured_media":130,"comment_status":"open","ping_status":"closed","sticky":false,"template":"","format":"standard","meta":{"footnotes":""},"categories":[7,6],"tags":[],"class_list":["post-129","post","type-post","status-publish","format-standard","has-post-thumbnail","hentry","category-comunicate","category-noutati"],"yoast_head":"<!-- This site is optimized with the Yoast SEO plugin v27.3 - https:\/\/yoast.com\/product\/yoast-seo-wordpress\/ -->\n<title>LANSARE PROIECT \u2013 SERVICII INTEGRATE \u00ceN COMUNA ILEANDA - Servicii integrate \u00een comuna Ileanda<\/title>\n<meta name=\"robots\" content=\"index, follow, max-snippet:-1, max-image-preview:large, max-video-preview:-1\" \/>\n<link rel=\"canonical\" href=\"https:\/\/ileanda.assoc.ro\/lansare-proiect-servicii-integrate-in-comuna-ileanda\/\" \/>\n<meta property=\"og:locale\" content=\"en_US\" \/>\n<meta property=\"og:type\" content=\"article\" \/>\n<meta property=\"og:title\" content=\"LANSARE PROIECT \u2013 SERVICII INTEGRATE \u00ceN COMUNA ILEANDA - Servicii integrate \u00een comuna Ileanda\" \/>\n<meta property=\"og:description\" content=\"Oamenii harnici sfin\u021besc locul, iar cu munc\u0103 sus\u021binut\u0103 ace\u0219tia pot aduce speran\u021b\u0103 chiar \u0219i acolo unde nu se \u00eentrevede. Sunt multe exemple care demonstreaz\u0103 c\u0103 o m\u00e2n\u0103 de oameni poate transforma un loc f\u0103r\u0103 perspectiv\u0103 \u00eentr-unul al bun\u0103st\u0103rii. Echipa proiectului\u00a0\u201cServicii integrate \u00een Comuna Ileanda\u201d (POCU\/827\/5\/2\/139980)\u00a0are la dispozi\u021bie mai bine de doi ani ca s\u0103 arate [&hellip;]\" \/>\n<meta property=\"og:url\" content=\"https:\/\/ileanda.assoc.ro\/lansare-proiect-servicii-integrate-in-comuna-ileanda\/\" \/>\n<meta property=\"og:site_name\" content=\"Servicii integrate \u00een comuna Ileanda\" \/>\n<meta property=\"article:published_time\" content=\"2024-10-09T14:51:59+00:00\" \/>\n<meta property=\"og:image\" content=\"https:\/\/ileanda.assoc.ro\/wp-content\/uploads\/2021\/06\/20210521_101601-2-scaled-1.jpeg\" \/>\n\t<meta property=\"og:image:width\" content=\"2560\" \/>\n\t<meta property=\"og:image:height\" content=\"1440\" \/>\n\t<meta property=\"og:image:type\" content=\"image\/jpeg\" \/>\n<meta name=\"author\" content=\"admin\" \/>\n<meta name=\"twitter:card\" content=\"summary_large_image\" \/>\n<meta name=\"twitter:label1\" content=\"Written by\" \/>\n\t<meta name=\"twitter:data1\" content=\"admin\" \/>\n\t<meta name=\"twitter:label2\" content=\"Est. reading time\" \/>\n\t<meta name=\"twitter:data2\" content=\"2 minutes\" \/>\n<script type=\"application\/ld+json\" class=\"yoast-schema-graph\">{\"@context\":\"https:\\\/\\\/schema.org\",\"@graph\":[{\"@type\":\"Article\",\"@id\":\"https:\\\/\\\/ileanda.assoc.ro\\\/lansare-proiect-servicii-integrate-in-comuna-ileanda\\\/#article\",\"isPartOf\":{\"@id\":\"https:\\\/\\\/ileanda.assoc.ro\\\/lansare-proiect-servicii-integrate-in-comuna-ileanda\\\/\"},\"author\":{\"name\":\"admin\",\"@id\":\"https:\\\/\\\/ileanda.assoc.ro\\\/#\\\/schema\\\/person\\\/5979b9fa1f3912d6f6e3a6a0e675aef9\"},\"headline\":\"LANSARE PROIECT \u2013 SERVICII INTEGRATE \u00ceN COMUNA ILEANDA\",\"datePublished\":\"2024-10-09T14:51:59+00:00\",\"mainEntityOfPage\":{\"@id\":\"https:\\\/\\\/ileanda.assoc.ro\\\/lansare-proiect-servicii-integrate-in-comuna-ileanda\\\/\"},\"wordCount\":484,\"commentCount\":0,\"publisher\":{\"@id\":\"https:\\\/\\\/ileanda.assoc.ro\\\/#organization\"},\"image\":{\"@id\":\"https:\\\/\\\/ileanda.assoc.ro\\\/lansare-proiect-servicii-integrate-in-comuna-ileanda\\\/#primaryimage\"},\"thumbnailUrl\":\"https:\\\/\\\/ileanda.assoc.ro\\\/wp-content\\\/uploads\\\/2021\\\/06\\\/20210521_101601-2-scaled-1.jpeg\",\"articleSection\":[\"Comunicate\",\"Noutati\"],\"inLanguage\":\"en-US\",\"potentialAction\":[{\"@type\":\"CommentAction\",\"name\":\"Comment\",\"target\":[\"https:\\\/\\\/ileanda.assoc.ro\\\/lansare-proiect-servicii-integrate-in-comuna-ileanda\\\/#respond\"]}]},{\"@type\":\"WebPage\",\"@id\":\"https:\\\/\\\/ileanda.assoc.ro\\\/lansare-proiect-servicii-integrate-in-comuna-ileanda\\\/\",\"url\":\"https:\\\/\\\/ileanda.assoc.ro\\\/lansare-proiect-servicii-integrate-in-comuna-ileanda\\\/\",\"name\":\"LANSARE PROIECT \u2013 SERVICII INTEGRATE \u00ceN COMUNA ILEANDA - Servicii integrate \u00een comuna Ileanda\",\"isPartOf\":{\"@id\":\"https:\\\/\\\/ileanda.assoc.ro\\\/#website\"},\"primaryImageOfPage\":{\"@id\":\"https:\\\/\\\/ileanda.assoc.ro\\\/lansare-proiect-servicii-integrate-in-comuna-ileanda\\\/#primaryimage\"},\"image\":{\"@id\":\"https:\\\/\\\/ileanda.assoc.ro\\\/lansare-proiect-servicii-integrate-in-comuna-ileanda\\\/#primaryimage\"},\"thumbnailUrl\":\"https:\\\/\\\/ileanda.assoc.ro\\\/wp-content\\\/uploads\\\/2021\\\/06\\\/20210521_101601-2-scaled-1.jpeg\",\"datePublished\":\"2024-10-09T14:51:59+00:00\",\"breadcrumb\":{\"@id\":\"https:\\\/\\\/ileanda.assoc.ro\\\/lansare-proiect-servicii-integrate-in-comuna-ileanda\\\/#breadcrumb\"},\"inLanguage\":\"en-US\",\"potentialAction\":[{\"@type\":\"ReadAction\",\"target\":[\"https:\\\/\\\/ileanda.assoc.ro\\\/lansare-proiect-servicii-integrate-in-comuna-ileanda\\\/\"]}]},{\"@type\":\"ImageObject\",\"inLanguage\":\"en-US\",\"@id\":\"https:\\\/\\\/ileanda.assoc.ro\\\/lansare-proiect-servicii-integrate-in-comuna-ileanda\\\/#primaryimage\",\"url\":\"https:\\\/\\\/ileanda.assoc.ro\\\/wp-content\\\/uploads\\\/2021\\\/06\\\/20210521_101601-2-scaled-1.jpeg\",\"contentUrl\":\"https:\\\/\\\/ileanda.assoc.ro\\\/wp-content\\\/uploads\\\/2021\\\/06\\\/20210521_101601-2-scaled-1.jpeg\",\"width\":2560,\"height\":1440},{\"@type\":\"BreadcrumbList\",\"@id\":\"https:\\\/\\\/ileanda.assoc.ro\\\/lansare-proiect-servicii-integrate-in-comuna-ileanda\\\/#breadcrumb\",\"itemListElement\":[{\"@type\":\"ListItem\",\"position\":1,\"name\":\"Home\",\"item\":\"https:\\\/\\\/ileanda.assoc.ro\\\/\"},{\"@type\":\"ListItem\",\"position\":2,\"name\":\"LANSARE PROIECT \u2013 SERVICII INTEGRATE \u00ceN COMUNA ILEANDA\"}]},{\"@type\":\"WebSite\",\"@id\":\"https:\\\/\\\/ileanda.assoc.ro\\\/#website\",\"url\":\"https:\\\/\\\/ileanda.assoc.ro\\\/\",\"name\":\"Servicii integrate \u00een comuna Ileanda\",\"description\":\"\",\"publisher\":{\"@id\":\"https:\\\/\\\/ileanda.assoc.ro\\\/#organization\"},\"potentialAction\":[{\"@type\":\"SearchAction\",\"target\":{\"@type\":\"EntryPoint\",\"urlTemplate\":\"https:\\\/\\\/ileanda.assoc.ro\\\/?s={search_term_string}\"},\"query-input\":{\"@type\":\"PropertyValueSpecification\",\"valueRequired\":true,\"valueName\":\"search_term_string\"}}],\"inLanguage\":\"en-US\"},{\"@type\":\"Organization\",\"@id\":\"https:\\\/\\\/ileanda.assoc.ro\\\/#organization\",\"name\":\"Servicii integrate \u00een comuna Ileanda\",\"url\":\"https:\\\/\\\/ileanda.assoc.ro\\\/\",\"logo\":{\"@type\":\"ImageObject\",\"inLanguage\":\"en-US\",\"@id\":\"https:\\\/\\\/ileanda.assoc.ro\\\/#\\\/schema\\\/logo\\\/image\\\/\",\"url\":\"https:\\\/\\\/ileanda.assoc.ro\\\/wp-content\\\/uploads\\\/2021\\\/06\\\/logo-ileanda.png\",\"contentUrl\":\"https:\\\/\\\/ileanda.assoc.ro\\\/wp-content\\\/uploads\\\/2021\\\/06\\\/logo-ileanda.png\",\"width\":1100,\"height\":563,\"caption\":\"Servicii integrate \u00een comuna Ileanda\"},\"image\":{\"@id\":\"https:\\\/\\\/ileanda.assoc.ro\\\/#\\\/schema\\\/logo\\\/image\\\/\"}},{\"@type\":\"Person\",\"@id\":\"https:\\\/\\\/ileanda.assoc.ro\\\/#\\\/schema\\\/person\\\/5979b9fa1f3912d6f6e3a6a0e675aef9\",\"name\":\"admin\",\"image\":{\"@type\":\"ImageObject\",\"inLanguage\":\"en-US\",\"@id\":\"https:\\\/\\\/secure.gravatar.com\\\/avatar\\\/5444be7de6811d3222e1165697b3e10bc0ea2a1da14ec84a73f8bc73ec1459c4?s=96&d=mm&r=g\",\"url\":\"https:\\\/\\\/secure.gravatar.com\\\/avatar\\\/5444be7de6811d3222e1165697b3e10bc0ea2a1da14ec84a73f8bc73ec1459c4?s=96&d=mm&r=g\",\"contentUrl\":\"https:\\\/\\\/secure.gravatar.com\\\/avatar\\\/5444be7de6811d3222e1165697b3e10bc0ea2a1da14ec84a73f8bc73ec1459c4?s=96&d=mm&r=g\",\"caption\":\"admin\"},\"sameAs\":[\"https:\\\/\\\/ileanda.assoc.ro\"],\"url\":\"https:\\\/\\\/ileanda.assoc.ro\\\/author\\\/florian_ceu9isvq\\\/\"}]}<\/script>\n<!-- \/ Yoast SEO plugin. -->","yoast_head_json":{"title":"LANSARE PROIECT \u2013 SERVICII INTEGRATE \u00ceN COMUNA ILEANDA - Servicii integrate \u00een comuna Ileanda","robots":{"index":"index","follow":"follow","max-snippet":"max-snippet:-1","max-image-preview":"max-image-preview:large","max-video-preview":"max-video-preview:-1"},"canonical":"https:\/\/ileanda.assoc.ro\/lansare-proiect-servicii-integrate-in-comuna-ileanda\/","og_locale":"en_US","og_type":"article","og_title":"LANSARE PROIECT \u2013 SERVICII INTEGRATE \u00ceN COMUNA ILEANDA - Servicii integrate \u00een comuna Ileanda","og_description":"Oamenii harnici sfin\u021besc locul, iar cu munc\u0103 sus\u021binut\u0103 ace\u0219tia pot aduce speran\u021b\u0103 chiar \u0219i acolo unde nu se \u00eentrevede. Sunt multe exemple care demonstreaz\u0103 c\u0103 o m\u00e2n\u0103 de oameni poate transforma un loc f\u0103r\u0103 perspectiv\u0103 \u00eentr-unul al bun\u0103st\u0103rii. Echipa proiectului\u00a0\u201cServicii integrate \u00een Comuna Ileanda\u201d (POCU\/827\/5\/2\/139980)\u00a0are la dispozi\u021bie mai bine de doi ani ca s\u0103 arate [&hellip;]","og_url":"https:\/\/ileanda.assoc.ro\/lansare-proiect-servicii-integrate-in-comuna-ileanda\/","og_site_name":"Servicii integrate \u00een comuna Ileanda","article_published_time":"2024-10-09T14:51:59+00:00","og_image":[{"width":2560,"height":1440,"url":"https:\/\/ileanda.assoc.ro\/wp-content\/uploads\/2021\/06\/20210521_101601-2-scaled-1.jpeg","type":"image\/jpeg"}],"author":"admin","twitter_card":"summary_large_image","twitter_misc":{"Written by":"admin","Est. reading time":"2 minutes"},"schema":{"@context":"https:\/\/schema.org","@graph":[{"@type":"Article","@id":"https:\/\/ileanda.assoc.ro\/lansare-proiect-servicii-integrate-in-comuna-ileanda\/#article","isPartOf":{"@id":"https:\/\/ileanda.assoc.ro\/lansare-proiect-servicii-integrate-in-comuna-ileanda\/"},"author":{"name":"admin","@id":"https:\/\/ileanda.assoc.ro\/#\/schema\/person\/5979b9fa1f3912d6f6e3a6a0e675aef9"},"headline":"LANSARE PROIECT \u2013 SERVICII INTEGRATE \u00ceN COMUNA ILEANDA","datePublished":"2024-10-09T14:51:59+00:00","mainEntityOfPage":{"@id":"https:\/\/ileanda.assoc.ro\/lansare-proiect-servicii-integrate-in-comuna-ileanda\/"},"wordCount":484,"commentCount":0,"publisher":{"@id":"https:\/\/ileanda.assoc.ro\/#organization"},"image":{"@id":"https:\/\/ileanda.assoc.ro\/lansare-proiect-servicii-integrate-in-comuna-ileanda\/#primaryimage"},"thumbnailUrl":"https:\/\/ileanda.assoc.ro\/wp-content\/uploads\/2021\/06\/20210521_101601-2-scaled-1.jpeg","articleSection":["Comunicate","Noutati"],"inLanguage":"en-US","potentialAction":[{"@type":"CommentAction","name":"Comment","target":["https:\/\/ileanda.assoc.ro\/lansare-proiect-servicii-integrate-in-comuna-ileanda\/#respond"]}]},{"@type":"WebPage","@id":"https:\/\/ileanda.assoc.ro\/lansare-proiect-servicii-integrate-in-comuna-ileanda\/","url":"https:\/\/ileanda.assoc.ro\/lansare-proiect-servicii-integrate-in-comuna-ileanda\/","name":"LANSARE PROIECT \u2013 SERVICII INTEGRATE \u00ceN COMUNA ILEANDA - Servicii integrate \u00een comuna Ileanda","isPartOf":{"@id":"https:\/\/ileanda.assoc.ro\/#website"},"primaryImageOfPage":{"@id":"https:\/\/ileanda.assoc.ro\/lansare-proiect-servicii-integrate-in-comuna-ileanda\/#primaryimage"},"image":{"@id":"https:\/\/ileanda.assoc.ro\/lansare-proiect-servicii-integrate-in-comuna-ileanda\/#primaryimage"},"thumbnailUrl":"https:\/\/ileanda.assoc.ro\/wp-content\/uploads\/2021\/06\/20210521_101601-2-scaled-1.jpeg","datePublished":"2024-10-09T14:51:59+00:00","breadcrumb":{"@id":"https:\/\/ileanda.assoc.ro\/lansare-proiect-servicii-integrate-in-comuna-ileanda\/#breadcrumb"},"inLanguage":"en-US","potentialAction":[{"@type":"ReadAction","target":["https:\/\/ileanda.assoc.ro\/lansare-proiect-servicii-integrate-in-comuna-ileanda\/"]}]},{"@type":"ImageObject","inLanguage":"en-US","@id":"https:\/\/ileanda.assoc.ro\/lansare-proiect-servicii-integrate-in-comuna-ileanda\/#primaryimage","url":"https:\/\/ileanda.assoc.ro\/wp-content\/uploads\/2021\/06\/20210521_101601-2-scaled-1.jpeg","contentUrl":"https:\/\/ileanda.assoc.ro\/wp-content\/uploads\/2021\/06\/20210521_101601-2-scaled-1.jpeg","width":2560,"height":1440},{"@type":"BreadcrumbList","@id":"https:\/\/ileanda.assoc.ro\/lansare-proiect-servicii-integrate-in-comuna-ileanda\/#breadcrumb","itemListElement":[{"@type":"ListItem","position":1,"name":"Home","item":"https:\/\/ileanda.assoc.ro\/"},{"@type":"ListItem","position":2,"name":"LANSARE PROIECT \u2013 SERVICII INTEGRATE \u00ceN COMUNA ILEANDA"}]},{"@type":"WebSite","@id":"https:\/\/ileanda.assoc.ro\/#website","url":"https:\/\/ileanda.assoc.ro\/","name":"Servicii integrate \u00een comuna Ileanda","description":"","publisher":{"@id":"https:\/\/ileanda.assoc.ro\/#organization"},"potentialAction":[{"@type":"SearchAction","target":{"@type":"EntryPoint","urlTemplate":"https:\/\/ileanda.assoc.ro\/?s={search_term_string}"},"query-input":{"@type":"PropertyValueSpecification","valueRequired":true,"valueName":"search_term_string"}}],"inLanguage":"en-US"},{"@type":"Organization","@id":"https:\/\/ileanda.assoc.ro\/#organization","name":"Servicii integrate \u00een comuna Ileanda","url":"https:\/\/ileanda.assoc.ro\/","logo":{"@type":"ImageObject","inLanguage":"en-US","@id":"https:\/\/ileanda.assoc.ro\/#\/schema\/logo\/image\/","url":"https:\/\/ileanda.assoc.ro\/wp-content\/uploads\/2021\/06\/logo-ileanda.png","contentUrl":"https:\/\/ileanda.assoc.ro\/wp-content\/uploads\/2021\/06\/logo-ileanda.png","width":1100,"height":563,"caption":"Servicii integrate \u00een comuna Ileanda"},"image":{"@id":"https:\/\/ileanda.assoc.ro\/#\/schema\/logo\/image\/"}},{"@type":"Person","@id":"https:\/\/ileanda.assoc.ro\/#\/schema\/person\/5979b9fa1f3912d6f6e3a6a0e675aef9","name":"admin","image":{"@type":"ImageObject","inLanguage":"en-US","@id":"https:\/\/secure.gravatar.com\/avatar\/5444be7de6811d3222e1165697b3e10bc0ea2a1da14ec84a73f8bc73ec1459c4?s=96&d=mm&r=g","url":"https:\/\/secure.gravatar.com\/avatar\/5444be7de6811d3222e1165697b3e10bc0ea2a1da14ec84a73f8bc73ec1459c4?s=96&d=mm&r=g","contentUrl":"https:\/\/secure.gravatar.com\/avatar\/5444be7de6811d3222e1165697b3e10bc0ea2a1da14ec84a73f8bc73ec1459c4?s=96&d=mm&r=g","caption":"admin"},"sameAs":["https:\/\/ileanda.assoc.ro"],"url":"https:\/\/ileanda.assoc.ro\/author\/florian_ceu9isvq\/"}]}},"_links":{"self":[{"href":"https:\/\/ileanda.assoc.ro\/wp-json\/wp\/v2\/posts\/129","targetHints":{"allow":["GET"]}}],"collection":[{"href":"https:\/\/ileanda.assoc.ro\/wp-json\/wp\/v2\/posts"}],"about":[{"href":"https:\/\/ileanda.assoc.ro\/wp-json\/wp\/v2\/types\/post"}],"author":[{"embeddable":true,"href":"https:\/\/ileanda.assoc.ro\/wp-json\/wp\/v2\/users\/1"}],"replies":[{"embeddable":true,"href":"https:\/\/ileanda.assoc.ro\/wp-json\/wp\/v2\/comments?post=129"}],"version-history":[{"count":1,"href":"https:\/\/ileanda.assoc.ro\/wp-json\/wp\/v2\/posts\/129\/revisions"}],"predecessor-version":[{"id":131,"href":"https:\/\/ileanda.assoc.ro\/wp-json\/wp\/v2\/posts\/129\/revisions\/131"}],"wp:featuredmedia":[{"embeddable":true,"href":"https:\/\/ileanda.assoc.ro\/wp-json\/wp\/v2\/media\/130"}],"wp:attachment":[{"href":"https:\/\/ileanda.assoc.ro\/wp-json\/wp\/v2\/media?parent=129"}],"wp:term":[{"taxonomy":"category","embeddable":true,"href":"https:\/\/ileanda.assoc.ro\/wp-json\/wp\/v2\/categories?post=129"},{"taxonomy":"post_tag","embeddable":true,"href":"https:\/\/ileanda.assoc.ro\/wp-json\/wp\/v2\/tags?post=129"}],"curies":[{"name":"wp","href":"https:\/\/api.w.org\/{rel}","templated":true}]}}