{"id":281,"date":"2024-10-09T14:51:59","date_gmt":"2024-10-09T14:51:59","guid":{"rendered":"https:\/\/ileanda.assoc.ro\/?p=281"},"modified":"2024-10-09T14:51:59","modified_gmt":"2024-10-09T14:51:59","slug":"oportunitati-de-invatare-pentru-locuitorii-din-ileanda","status":"publish","type":"post","link":"https:\/\/ileanda.assoc.ro\/oportunitati-de-invatare-pentru-locuitorii-din-ileanda\/","title":{"rendered":"Oportunit\u0103\u021bi de \u00eenv\u0103\u021bare pentru locuitorii din Ileanda"},"content":{"rendered":"<p><img fetchpriority=\"high\" decoding=\"async\" src=\"https:\/\/ileanda.assoc.ro\/wp-content\/uploads\/2021\/08\/cursuri-it-ileanda.jpeg\" alt=\"\" width=\"628\" height=\"471\" class=\"alignnone size-full wp-image-282\" srcset=\"https:\/\/ileanda.assoc.ro\/wp-content\/uploads\/2021\/08\/cursuri-it-ileanda.jpeg 628w, https:\/\/ileanda.assoc.ro\/wp-content\/uploads\/2021\/08\/cursuri-it-ileanda-300x225.jpeg 300w\" sizes=\"(max-width: 628px) 100vw, 628px\" \/><br \/>\n<strong>Tehnologia a devenit parte integrant\u0103 \u00een viata noastr\u0103, iar f\u0103r\u0103 ea ne este tot mai dificil s\u0103 ne descurc\u0103m \u00een via\u021ba personal\u0103 \u0219i profesional\u0103. Pl\u0103\u021bile cu cardul sua prin aplica\u021bii web sunt uzuale, sarcinile de serviciu depind de multe ori de utilaje programabile, chiar \u0219i activit\u0103\u021bile recreative depind de internet.<\/strong><\/p>\n<p>\u00cen orice secund\u0103 am ajuns s\u0103 ne folosim de tehnologie, fie c\u0103 e vorba de un simplu telefon smart, fie de o ma\u0219in\u0103 complex\u0103. \u00cen condi\u021biile date, este de la sine \u00een\u021beles de ce sunt at\u00e2t de importante cuno\u0219tin\u021bele \u00een materie de tehnologie \u0219i de ce ASSOC insist\u0103 s\u0103 le organizeze, mai ales pentru persoanele provenite din grupuri vulnerabile pentru care accesul la aceasta este limitat.<\/p>\n<p>\u00cen acest context, o prim\u0103 serie din cursul de ini\u021biere organizat pentru locuitorii din Ileanda prin proiectul &#8220;Servicii integrate \u00een Comuna Ileanda&#8221; (POCU\/827\/5\/2\/139980) este \u00een desf\u0103\u0219urare \u00eencep\u00e2nd cu 23 august 2021.<\/p>\n<p>Deschiderea oficial\u0103 a cursului &#8220;Competen\u021be digitale de utilizare a tehnologiei informa\u021biei ca instrument de \u00eenv\u0103\u021bare \u0219i cunoa\u0219tere&#8221; a avut loc \u00een 23 august, c\u00e2nd primii participan\u021bi \u0219i-au cunoscut lectorii \u0219i au aflat c\u00e2t de importante sunt no\u021biunile \u00een domeniu \u00een aceast\u0103 er\u0103 a difitaliz\u0103rii, c\u00e2nd totul se \u00eenv\u00e2rte \u00een jurul aplica\u021biilor web \u0219i mobile.<\/p>\n<p>Grupa este constituit\u0103 din 8 participan\u021bi, iar durata cursului este de 40 de ore (15 ore teorie \u0219i 25 practic\u0103). La lansarea a participat reprezentantul firmei de formare Tru Training, coordonatorul activit\u0103\u021bii de formare profesional\u0103 din cadrul proiectului, respectiv  referentul de formare profesional\u0103.<\/p>\n<p>Participan\u021bilor li s-a explicat de ce e important s\u0103 beneficieze de oportunit\u0103\u021bile de \u00eenv\u0103\u021bare care li se ofer\u0103 prin proiect, dar \u0219i la beneficiile ob\u021binerii diplomei la finalizarea cu brio a  programului de formare. Certificarea studiilor este recunoscut\u0103 de Ministerul Muncii \u0219i Protec\u021biei Sociale.<\/p>\n<p>Proiectul de la Ileanda prevede \u0219i alte activit\u0103\u021bi, iar p\u00e2n\u0103 \u00een 2023 Asocia\u021bia ASSOC, Prim\u0103ria local\u0103 \u0219i GAL Valea Some\u0219ului \u0219i-au propus s\u0103 creeze oportinut\u0103\u021bi localnicilor, \u00een special celor proveni\u021bi din grupuri vulnerabile.<\/p>\n","protected":false},"excerpt":{"rendered":"<p>Tehnologia a devenit parte integrant\u0103 \u00een viata noastr\u0103, iar f\u0103r\u0103 ea ne este tot mai dificil s\u0103 ne descurc\u0103m \u00een via\u021ba personal\u0103 \u0219i profesional\u0103. Pl\u0103\u021bile cu cardul sua prin aplica\u021bii web sunt uzuale, sarcinile de serviciu depind de multe ori de utilaje programabile, chiar \u0219i activit\u0103\u021bile recreative depind de internet. \u00cen orice secund\u0103 am ajuns [&hellip;]<\/p>\n","protected":false},"author":1,"featured_media":282,"comment_status":"open","ping_status":"closed","sticky":false,"template":"","format":"standard","meta":{"footnotes":""},"categories":[6],"tags":[],"class_list":["post-281","post","type-post","status-publish","format-standard","has-post-thumbnail","hentry","category-noutati"],"yoast_head":"<!-- This site is optimized with the Yoast SEO plugin v27.3 - https:\/\/yoast.com\/product\/yoast-seo-wordpress\/ -->\n<title>Oportunit\u0103\u021bi de \u00eenv\u0103\u021bare pentru locuitorii din Ileanda - Servicii integrate \u00een comuna Ileanda<\/title>\n<meta name=\"robots\" content=\"index, follow, max-snippet:-1, max-image-preview:large, max-video-preview:-1\" \/>\n<link rel=\"canonical\" href=\"https:\/\/ileanda.assoc.ro\/oportunitati-de-invatare-pentru-locuitorii-din-ileanda\/\" \/>\n<meta property=\"og:locale\" content=\"en_US\" \/>\n<meta property=\"og:type\" content=\"article\" \/>\n<meta property=\"og:title\" content=\"Oportunit\u0103\u021bi de \u00eenv\u0103\u021bare pentru locuitorii din Ileanda - Servicii integrate \u00een comuna Ileanda\" \/>\n<meta property=\"og:description\" content=\"Tehnologia a devenit parte integrant\u0103 \u00een viata noastr\u0103, iar f\u0103r\u0103 ea ne este tot mai dificil s\u0103 ne descurc\u0103m \u00een via\u021ba personal\u0103 \u0219i profesional\u0103. Pl\u0103\u021bile cu cardul sua prin aplica\u021bii web sunt uzuale, sarcinile de serviciu depind de multe ori de utilaje programabile, chiar \u0219i activit\u0103\u021bile recreative depind de internet. \u00cen orice secund\u0103 am ajuns [&hellip;]\" \/>\n<meta property=\"og:url\" content=\"https:\/\/ileanda.assoc.ro\/oportunitati-de-invatare-pentru-locuitorii-din-ileanda\/\" \/>\n<meta property=\"og:site_name\" content=\"Servicii integrate \u00een comuna Ileanda\" \/>\n<meta property=\"article:published_time\" content=\"2024-10-09T14:51:59+00:00\" \/>\n<meta property=\"og:image\" content=\"https:\/\/ileanda.assoc.ro\/wp-content\/uploads\/2021\/08\/cursuri-it-ileanda.jpeg\" \/>\n\t<meta property=\"og:image:width\" content=\"628\" \/>\n\t<meta property=\"og:image:height\" content=\"471\" \/>\n\t<meta property=\"og:image:type\" content=\"image\/jpeg\" \/>\n<meta name=\"author\" content=\"admin\" \/>\n<meta name=\"twitter:card\" content=\"summary_large_image\" \/>\n<meta name=\"twitter:label1\" content=\"Written by\" \/>\n\t<meta name=\"twitter:data1\" content=\"admin\" \/>\n\t<meta name=\"twitter:label2\" content=\"Est. reading time\" \/>\n\t<meta name=\"twitter:data2\" content=\"2 minutes\" \/>\n<script type=\"application\/ld+json\" class=\"yoast-schema-graph\">{\"@context\":\"https:\\\/\\\/schema.org\",\"@graph\":[{\"@type\":\"Article\",\"@id\":\"https:\\\/\\\/ileanda.assoc.ro\\\/oportunitati-de-invatare-pentru-locuitorii-din-ileanda\\\/#article\",\"isPartOf\":{\"@id\":\"https:\\\/\\\/ileanda.assoc.ro\\\/oportunitati-de-invatare-pentru-locuitorii-din-ileanda\\\/\"},\"author\":{\"name\":\"admin\",\"@id\":\"https:\\\/\\\/ileanda.assoc.ro\\\/#\\\/schema\\\/person\\\/5979b9fa1f3912d6f6e3a6a0e675aef9\"},\"headline\":\"Oportunit\u0103\u021bi de \u00eenv\u0103\u021bare pentru locuitorii din Ileanda\",\"datePublished\":\"2024-10-09T14:51:59+00:00\",\"mainEntityOfPage\":{\"@id\":\"https:\\\/\\\/ileanda.assoc.ro\\\/oportunitati-de-invatare-pentru-locuitorii-din-ileanda\\\/\"},\"wordCount\":363,\"commentCount\":0,\"publisher\":{\"@id\":\"https:\\\/\\\/ileanda.assoc.ro\\\/#organization\"},\"image\":{\"@id\":\"https:\\\/\\\/ileanda.assoc.ro\\\/oportunitati-de-invatare-pentru-locuitorii-din-ileanda\\\/#primaryimage\"},\"thumbnailUrl\":\"https:\\\/\\\/ileanda.assoc.ro\\\/wp-content\\\/uploads\\\/2021\\\/08\\\/cursuri-it-ileanda.jpeg\",\"articleSection\":[\"Noutati\"],\"inLanguage\":\"en-US\",\"potentialAction\":[{\"@type\":\"CommentAction\",\"name\":\"Comment\",\"target\":[\"https:\\\/\\\/ileanda.assoc.ro\\\/oportunitati-de-invatare-pentru-locuitorii-din-ileanda\\\/#respond\"]}]},{\"@type\":\"WebPage\",\"@id\":\"https:\\\/\\\/ileanda.assoc.ro\\\/oportunitati-de-invatare-pentru-locuitorii-din-ileanda\\\/\",\"url\":\"https:\\\/\\\/ileanda.assoc.ro\\\/oportunitati-de-invatare-pentru-locuitorii-din-ileanda\\\/\",\"name\":\"Oportunit\u0103\u021bi de \u00eenv\u0103\u021bare pentru locuitorii din Ileanda - Servicii integrate \u00een comuna Ileanda\",\"isPartOf\":{\"@id\":\"https:\\\/\\\/ileanda.assoc.ro\\\/#website\"},\"primaryImageOfPage\":{\"@id\":\"https:\\\/\\\/ileanda.assoc.ro\\\/oportunitati-de-invatare-pentru-locuitorii-din-ileanda\\\/#primaryimage\"},\"image\":{\"@id\":\"https:\\\/\\\/ileanda.assoc.ro\\\/oportunitati-de-invatare-pentru-locuitorii-din-ileanda\\\/#primaryimage\"},\"thumbnailUrl\":\"https:\\\/\\\/ileanda.assoc.ro\\\/wp-content\\\/uploads\\\/2021\\\/08\\\/cursuri-it-ileanda.jpeg\",\"datePublished\":\"2024-10-09T14:51:59+00:00\",\"breadcrumb\":{\"@id\":\"https:\\\/\\\/ileanda.assoc.ro\\\/oportunitati-de-invatare-pentru-locuitorii-din-ileanda\\\/#breadcrumb\"},\"inLanguage\":\"en-US\",\"potentialAction\":[{\"@type\":\"ReadAction\",\"target\":[\"https:\\\/\\\/ileanda.assoc.ro\\\/oportunitati-de-invatare-pentru-locuitorii-din-ileanda\\\/\"]}]},{\"@type\":\"ImageObject\",\"inLanguage\":\"en-US\",\"@id\":\"https:\\\/\\\/ileanda.assoc.ro\\\/oportunitati-de-invatare-pentru-locuitorii-din-ileanda\\\/#primaryimage\",\"url\":\"https:\\\/\\\/ileanda.assoc.ro\\\/wp-content\\\/uploads\\\/2021\\\/08\\\/cursuri-it-ileanda.jpeg\",\"contentUrl\":\"https:\\\/\\\/ileanda.assoc.ro\\\/wp-content\\\/uploads\\\/2021\\\/08\\\/cursuri-it-ileanda.jpeg\",\"width\":628,\"height\":471},{\"@type\":\"BreadcrumbList\",\"@id\":\"https:\\\/\\\/ileanda.assoc.ro\\\/oportunitati-de-invatare-pentru-locuitorii-din-ileanda\\\/#breadcrumb\",\"itemListElement\":[{\"@type\":\"ListItem\",\"position\":1,\"name\":\"Home\",\"item\":\"https:\\\/\\\/ileanda.assoc.ro\\\/\"},{\"@type\":\"ListItem\",\"position\":2,\"name\":\"Oportunit\u0103\u021bi de \u00eenv\u0103\u021bare pentru locuitorii din Ileanda\"}]},{\"@type\":\"WebSite\",\"@id\":\"https:\\\/\\\/ileanda.assoc.ro\\\/#website\",\"url\":\"https:\\\/\\\/ileanda.assoc.ro\\\/\",\"name\":\"Servicii integrate \u00een comuna Ileanda\",\"description\":\"\",\"publisher\":{\"@id\":\"https:\\\/\\\/ileanda.assoc.ro\\\/#organization\"},\"potentialAction\":[{\"@type\":\"SearchAction\",\"target\":{\"@type\":\"EntryPoint\",\"urlTemplate\":\"https:\\\/\\\/ileanda.assoc.ro\\\/?s={search_term_string}\"},\"query-input\":{\"@type\":\"PropertyValueSpecification\",\"valueRequired\":true,\"valueName\":\"search_term_string\"}}],\"inLanguage\":\"en-US\"},{\"@type\":\"Organization\",\"@id\":\"https:\\\/\\\/ileanda.assoc.ro\\\/#organization\",\"name\":\"Servicii integrate \u00een comuna Ileanda\",\"url\":\"https:\\\/\\\/ileanda.assoc.ro\\\/\",\"logo\":{\"@type\":\"ImageObject\",\"inLanguage\":\"en-US\",\"@id\":\"https:\\\/\\\/ileanda.assoc.ro\\\/#\\\/schema\\\/logo\\\/image\\\/\",\"url\":\"https:\\\/\\\/ileanda.assoc.ro\\\/wp-content\\\/uploads\\\/2021\\\/06\\\/logo-ileanda.png\",\"contentUrl\":\"https:\\\/\\\/ileanda.assoc.ro\\\/wp-content\\\/uploads\\\/2021\\\/06\\\/logo-ileanda.png\",\"width\":1100,\"height\":563,\"caption\":\"Servicii integrate \u00een comuna Ileanda\"},\"image\":{\"@id\":\"https:\\\/\\\/ileanda.assoc.ro\\\/#\\\/schema\\\/logo\\\/image\\\/\"}},{\"@type\":\"Person\",\"@id\":\"https:\\\/\\\/ileanda.assoc.ro\\\/#\\\/schema\\\/person\\\/5979b9fa1f3912d6f6e3a6a0e675aef9\",\"name\":\"admin\",\"image\":{\"@type\":\"ImageObject\",\"inLanguage\":\"en-US\",\"@id\":\"https:\\\/\\\/secure.gravatar.com\\\/avatar\\\/5444be7de6811d3222e1165697b3e10bc0ea2a1da14ec84a73f8bc73ec1459c4?s=96&d=mm&r=g\",\"url\":\"https:\\\/\\\/secure.gravatar.com\\\/avatar\\\/5444be7de6811d3222e1165697b3e10bc0ea2a1da14ec84a73f8bc73ec1459c4?s=96&d=mm&r=g\",\"contentUrl\":\"https:\\\/\\\/secure.gravatar.com\\\/avatar\\\/5444be7de6811d3222e1165697b3e10bc0ea2a1da14ec84a73f8bc73ec1459c4?s=96&d=mm&r=g\",\"caption\":\"admin\"},\"sameAs\":[\"https:\\\/\\\/ileanda.assoc.ro\"],\"url\":\"https:\\\/\\\/ileanda.assoc.ro\\\/author\\\/florian_ceu9isvq\\\/\"}]}<\/script>\n<!-- \/ Yoast SEO plugin. -->","yoast_head_json":{"title":"Oportunit\u0103\u021bi de \u00eenv\u0103\u021bare pentru locuitorii din Ileanda - Servicii integrate \u00een comuna Ileanda","robots":{"index":"index","follow":"follow","max-snippet":"max-snippet:-1","max-image-preview":"max-image-preview:large","max-video-preview":"max-video-preview:-1"},"canonical":"https:\/\/ileanda.assoc.ro\/oportunitati-de-invatare-pentru-locuitorii-din-ileanda\/","og_locale":"en_US","og_type":"article","og_title":"Oportunit\u0103\u021bi de \u00eenv\u0103\u021bare pentru locuitorii din Ileanda - Servicii integrate \u00een comuna Ileanda","og_description":"Tehnologia a devenit parte integrant\u0103 \u00een viata noastr\u0103, iar f\u0103r\u0103 ea ne este tot mai dificil s\u0103 ne descurc\u0103m \u00een via\u021ba personal\u0103 \u0219i profesional\u0103. Pl\u0103\u021bile cu cardul sua prin aplica\u021bii web sunt uzuale, sarcinile de serviciu depind de multe ori de utilaje programabile, chiar \u0219i activit\u0103\u021bile recreative depind de internet. \u00cen orice secund\u0103 am ajuns [&hellip;]","og_url":"https:\/\/ileanda.assoc.ro\/oportunitati-de-invatare-pentru-locuitorii-din-ileanda\/","og_site_name":"Servicii integrate \u00een comuna Ileanda","article_published_time":"2024-10-09T14:51:59+00:00","og_image":[{"width":628,"height":471,"url":"https:\/\/ileanda.assoc.ro\/wp-content\/uploads\/2021\/08\/cursuri-it-ileanda.jpeg","type":"image\/jpeg"}],"author":"admin","twitter_card":"summary_large_image","twitter_misc":{"Written by":"admin","Est. reading time":"2 minutes"},"schema":{"@context":"https:\/\/schema.org","@graph":[{"@type":"Article","@id":"https:\/\/ileanda.assoc.ro\/oportunitati-de-invatare-pentru-locuitorii-din-ileanda\/#article","isPartOf":{"@id":"https:\/\/ileanda.assoc.ro\/oportunitati-de-invatare-pentru-locuitorii-din-ileanda\/"},"author":{"name":"admin","@id":"https:\/\/ileanda.assoc.ro\/#\/schema\/person\/5979b9fa1f3912d6f6e3a6a0e675aef9"},"headline":"Oportunit\u0103\u021bi de \u00eenv\u0103\u021bare pentru locuitorii din Ileanda","datePublished":"2024-10-09T14:51:59+00:00","mainEntityOfPage":{"@id":"https:\/\/ileanda.assoc.ro\/oportunitati-de-invatare-pentru-locuitorii-din-ileanda\/"},"wordCount":363,"commentCount":0,"publisher":{"@id":"https:\/\/ileanda.assoc.ro\/#organization"},"image":{"@id":"https:\/\/ileanda.assoc.ro\/oportunitati-de-invatare-pentru-locuitorii-din-ileanda\/#primaryimage"},"thumbnailUrl":"https:\/\/ileanda.assoc.ro\/wp-content\/uploads\/2021\/08\/cursuri-it-ileanda.jpeg","articleSection":["Noutati"],"inLanguage":"en-US","potentialAction":[{"@type":"CommentAction","name":"Comment","target":["https:\/\/ileanda.assoc.ro\/oportunitati-de-invatare-pentru-locuitorii-din-ileanda\/#respond"]}]},{"@type":"WebPage","@id":"https:\/\/ileanda.assoc.ro\/oportunitati-de-invatare-pentru-locuitorii-din-ileanda\/","url":"https:\/\/ileanda.assoc.ro\/oportunitati-de-invatare-pentru-locuitorii-din-ileanda\/","name":"Oportunit\u0103\u021bi de \u00eenv\u0103\u021bare pentru locuitorii din Ileanda - Servicii integrate \u00een comuna Ileanda","isPartOf":{"@id":"https:\/\/ileanda.assoc.ro\/#website"},"primaryImageOfPage":{"@id":"https:\/\/ileanda.assoc.ro\/oportunitati-de-invatare-pentru-locuitorii-din-ileanda\/#primaryimage"},"image":{"@id":"https:\/\/ileanda.assoc.ro\/oportunitati-de-invatare-pentru-locuitorii-din-ileanda\/#primaryimage"},"thumbnailUrl":"https:\/\/ileanda.assoc.ro\/wp-content\/uploads\/2021\/08\/cursuri-it-ileanda.jpeg","datePublished":"2024-10-09T14:51:59+00:00","breadcrumb":{"@id":"https:\/\/ileanda.assoc.ro\/oportunitati-de-invatare-pentru-locuitorii-din-ileanda\/#breadcrumb"},"inLanguage":"en-US","potentialAction":[{"@type":"ReadAction","target":["https:\/\/ileanda.assoc.ro\/oportunitati-de-invatare-pentru-locuitorii-din-ileanda\/"]}]},{"@type":"ImageObject","inLanguage":"en-US","@id":"https:\/\/ileanda.assoc.ro\/oportunitati-de-invatare-pentru-locuitorii-din-ileanda\/#primaryimage","url":"https:\/\/ileanda.assoc.ro\/wp-content\/uploads\/2021\/08\/cursuri-it-ileanda.jpeg","contentUrl":"https:\/\/ileanda.assoc.ro\/wp-content\/uploads\/2021\/08\/cursuri-it-ileanda.jpeg","width":628,"height":471},{"@type":"BreadcrumbList","@id":"https:\/\/ileanda.assoc.ro\/oportunitati-de-invatare-pentru-locuitorii-din-ileanda\/#breadcrumb","itemListElement":[{"@type":"ListItem","position":1,"name":"Home","item":"https:\/\/ileanda.assoc.ro\/"},{"@type":"ListItem","position":2,"name":"Oportunit\u0103\u021bi de \u00eenv\u0103\u021bare pentru locuitorii din Ileanda"}]},{"@type":"WebSite","@id":"https:\/\/ileanda.assoc.ro\/#website","url":"https:\/\/ileanda.assoc.ro\/","name":"Servicii integrate \u00een comuna Ileanda","description":"","publisher":{"@id":"https:\/\/ileanda.assoc.ro\/#organization"},"potentialAction":[{"@type":"SearchAction","target":{"@type":"EntryPoint","urlTemplate":"https:\/\/ileanda.assoc.ro\/?s={search_term_string}"},"query-input":{"@type":"PropertyValueSpecification","valueRequired":true,"valueName":"search_term_string"}}],"inLanguage":"en-US"},{"@type":"Organization","@id":"https:\/\/ileanda.assoc.ro\/#organization","name":"Servicii integrate \u00een comuna Ileanda","url":"https:\/\/ileanda.assoc.ro\/","logo":{"@type":"ImageObject","inLanguage":"en-US","@id":"https:\/\/ileanda.assoc.ro\/#\/schema\/logo\/image\/","url":"https:\/\/ileanda.assoc.ro\/wp-content\/uploads\/2021\/06\/logo-ileanda.png","contentUrl":"https:\/\/ileanda.assoc.ro\/wp-content\/uploads\/2021\/06\/logo-ileanda.png","width":1100,"height":563,"caption":"Servicii integrate \u00een comuna Ileanda"},"image":{"@id":"https:\/\/ileanda.assoc.ro\/#\/schema\/logo\/image\/"}},{"@type":"Person","@id":"https:\/\/ileanda.assoc.ro\/#\/schema\/person\/5979b9fa1f3912d6f6e3a6a0e675aef9","name":"admin","image":{"@type":"ImageObject","inLanguage":"en-US","@id":"https:\/\/secure.gravatar.com\/avatar\/5444be7de6811d3222e1165697b3e10bc0ea2a1da14ec84a73f8bc73ec1459c4?s=96&d=mm&r=g","url":"https:\/\/secure.gravatar.com\/avatar\/5444be7de6811d3222e1165697b3e10bc0ea2a1da14ec84a73f8bc73ec1459c4?s=96&d=mm&r=g","contentUrl":"https:\/\/secure.gravatar.com\/avatar\/5444be7de6811d3222e1165697b3e10bc0ea2a1da14ec84a73f8bc73ec1459c4?s=96&d=mm&r=g","caption":"admin"},"sameAs":["https:\/\/ileanda.assoc.ro"],"url":"https:\/\/ileanda.assoc.ro\/author\/florian_ceu9isvq\/"}]}},"_links":{"self":[{"href":"https:\/\/ileanda.assoc.ro\/wp-json\/wp\/v2\/posts\/281","targetHints":{"allow":["GET"]}}],"collection":[{"href":"https:\/\/ileanda.assoc.ro\/wp-json\/wp\/v2\/posts"}],"about":[{"href":"https:\/\/ileanda.assoc.ro\/wp-json\/wp\/v2\/types\/post"}],"author":[{"embeddable":true,"href":"https:\/\/ileanda.assoc.ro\/wp-json\/wp\/v2\/users\/1"}],"replies":[{"embeddable":true,"href":"https:\/\/ileanda.assoc.ro\/wp-json\/wp\/v2\/comments?post=281"}],"version-history":[{"count":2,"href":"https:\/\/ileanda.assoc.ro\/wp-json\/wp\/v2\/posts\/281\/revisions"}],"predecessor-version":[{"id":284,"href":"https:\/\/ileanda.assoc.ro\/wp-json\/wp\/v2\/posts\/281\/revisions\/284"}],"wp:featuredmedia":[{"embeddable":true,"href":"https:\/\/ileanda.assoc.ro\/wp-json\/wp\/v2\/media\/282"}],"wp:attachment":[{"href":"https:\/\/ileanda.assoc.ro\/wp-json\/wp\/v2\/media?parent=281"}],"wp:term":[{"taxonomy":"category","embeddable":true,"href":"https:\/\/ileanda.assoc.ro\/wp-json\/wp\/v2\/categories?post=281"},{"taxonomy":"post_tag","embeddable":true,"href":"https:\/\/ileanda.assoc.ro\/wp-json\/wp\/v2\/tags?post=281"}],"curies":[{"name":"wp","href":"https:\/\/api.w.org\/{rel}","templated":true}]}}